{"id":74353,"date":"2026-04-28T08:49:26","date_gmt":"2026-04-28T11:49:26","guid":{"rendered":"https:\/\/minerion.com.br\/?p=74353"},"modified":"2026-04-28T08:51:08","modified_gmt":"2026-04-28T11:51:08","slug":"acoes-saude-mental-mineradoras","status":"publish","type":"post","link":"https:\/\/minerion.com.br\/es\/acoes-saude-mental-mineradoras\/","title":{"rendered":"Sa\u00fade mental nas empresas: 7 a\u00e7\u00f5es pr\u00e1ticas na minera\u00e7\u00e3o"},"content":{"rendered":"<p><span style=\"font-weight: 400;\">Falar de produtividade, seguran\u00e7a e efici\u00eancia na minera\u00e7\u00e3o sem falar de pessoas j\u00e1 n\u00e3o faz mais sentido. E, quando o assunto s\u00e3o pessoas, a conversa inevitavelmente passa por um ponto central: <\/span><b>sa\u00fade mental nas empresas<\/b><span style=\"font-weight: 400;\">.<\/span><\/p>\n<p><span style=\"font-weight: 400;\">Nos \u00faltimos anos, esse tema deixou de ser perif\u00e9rico para se tornar estrat\u00e9gico. N\u00e3o s\u00f3 porque impacta diretamente os resultados, mas porque revela algo mais profundo: o tipo de cultura que a empresa constr\u00f3i no dia a dia.<\/span><\/p>\n<p><span style=\"font-weight: 400;\">Na minera\u00e7\u00e3o, um setor com opera\u00e7\u00f5es complexas, press\u00e3o por resultados e rotinas exigentes, cuidar da sa\u00fade mental n\u00e3o \u00e9 apenas uma boa pr\u00e1tica, \u00e9 uma necessidade operacional.<\/span><\/p>\n<p><span style=\"font-weight: 400;\">Vamos explorar mais sobre o tema a seguir!<\/span><\/p>\n<h2><span style=\"font-weight: 400;\">Por que a sa\u00fade mental virou prioridade?<\/span><\/h2>\n<p><span style=\"font-weight: 400;\">Os n\u00fameros ajudam a dimensionar o cen\u00e1rio. Segundo a <\/span><a href=\"https:\/\/www.paho.org\/es\/node\/80159#:~:text=28%20de%20maio%20de%202019%20%E2%80%93%20A,classificadas%20como%20doen%C3%A7as%20ou%20condi%C3%A7%C3%B5es%20de%20sa%C3%BAde.\" target=\"_blank\" rel=\"noopener\"><span style=\"font-weight: 400;\">Organiza\u00e7\u00e3o Mundial da Sa\u00fade<\/span><\/a><span style=\"font-weight: 400;\">, o <\/span><span style=\"font-weight: 400;\">burnout<\/span><span style=\"font-weight: 400;\"> passou a ser reconhecido como um fen\u00f4meno ocupacional, associado diretamente ao contexto de trabalho.<\/span><\/p>\n<p><span style=\"font-weight: 400;\">Al\u00e9m disso:<\/span><\/p>\n<ul>\n<li style=\"font-weight: 400;\" aria-level=\"1\"><span style=\"font-weight: 400;\">Transtornos como ansiedade e depress\u00e3o est\u00e3o entre as <\/span><span style=\"font-weight: 400;\">principais causas de afastamento<\/span><span style=\"font-weight: 400;\"> no Brasil e no mundo<\/span><\/li>\n<li style=\"font-weight: 400;\" aria-level=\"1\"><span style=\"font-weight: 400;\">O <\/span><span style=\"font-weight: 400;\">estresse cr\u00f4nico<\/span><span style=\"font-weight: 400;\"> impacta diretamente a tomada de decis\u00e3o, a aten\u00e7\u00e3o e a seguran\u00e7a<\/span><\/li>\n<li style=\"font-weight: 400;\" aria-level=\"1\"><span style=\"font-weight: 400;\">Empresas que negligenciam esse tema enfrentam aumento de rotatividade, aus\u00eancias e queda de produtividade<\/span><\/li>\n<\/ul>\n<p><span style=\"font-weight: 400;\">Na minera\u00e7\u00e3o, esse impacto ganha ainda mais peso. Afinal, estamos falando de opera\u00e7\u00f5es onde foco, precis\u00e3o e seguran\u00e7a n\u00e3o s\u00e3o opcionais.<\/span><\/p>\n<h2><span style=\"font-weight: 400;\">O desafio espec\u00edfico da minera\u00e7\u00e3o<\/span><\/h2>\n<p><span style=\"font-weight: 400;\">Diferente de outros setores, a minera\u00e7\u00e3o carrega caracter\u00edsticas que tornam o cuidado com a sa\u00fade mental ainda mais cr\u00edtico:<\/span><\/p>\n<ul>\n<li style=\"font-weight: 400;\" aria-level=\"1\"><span style=\"font-weight: 400;\">Jornadas extensas e, muitas vezes, em regime de turno<\/span><\/li>\n<li style=\"font-weight: 400;\" aria-level=\"1\"><span style=\"font-weight: 400;\">Distanciamento familiar em opera\u00e7\u00f5es remotas<\/span><\/li>\n<li style=\"font-weight: 400;\" aria-level=\"1\"><span style=\"font-weight: 400;\">Press\u00e3o por performance e seguran\u00e7a<\/span><\/li>\n<li style=\"font-weight: 400;\" aria-level=\"1\"><span style=\"font-weight: 400;\">Ambientes de trabalho com alto n\u00edvel de exig\u00eancia f\u00edsica e cognitiva<\/span><\/li>\n<\/ul>\n<p><span style=\"font-weight: 400;\">Isso cria um contexto onde o desgaste emocional pode passar despercebido, at\u00e9 que vire um problema maior. Por isso, falar sobre <\/span><b>como promover a sa\u00fade mental nas empresas<\/b><span style=\"font-weight: 400;\"> nesse setor exige mais do que a\u00e7\u00f5es pontuais.<\/span><\/p>\n<h2><span style=\"font-weight: 400;\">7 passos para promover sa\u00fade mental nas empresas de minera\u00e7\u00e3o<\/span><\/h2>\n<p><span style=\"font-weight: 400;\">Aqui vamos sugerir alguns caminhos aplic\u00e1veis, pensados para a realidade do setor.<\/span><\/p>\n<h3><span style=\"font-weight: 400;\">1. Comece pela lideran\u00e7a<\/span><\/h3>\n<p><span style=\"font-weight: 400;\">Nenhuma iniciativa de sa\u00fade mental se sustenta se a lideran\u00e7a n\u00e3o estiver envolvida. E n\u00e3o estamos falando de discurso, mas de pr\u00e1tica:<\/span><\/p>\n<ul>\n<li style=\"font-weight: 400;\" aria-level=\"1\"><span style=\"font-weight: 400;\">L\u00edderes que sabem ouvir<\/span><\/li>\n<li style=\"font-weight: 400;\" aria-level=\"1\"><span style=\"font-weight: 400;\">Gestores que respeitam limites<\/span><\/li>\n<li style=\"font-weight: 400;\" aria-level=\"1\"><span style=\"font-weight: 400;\">Supervisores que identificam sinais de sobrecarga<\/span><\/li>\n<\/ul>\n<p><span style=\"font-weight: 400;\">A cultura come\u00e7a no topo, mas se valida na rotina.<\/span><\/p>\n<h3><span style=\"font-weight: 400;\">2. Crie canais seguros de escuta<\/span><\/h3>\n<p><span style=\"font-weight: 400;\">Funcion\u00e1rios s\u00f3 falam quando sentem que podem falar. Isso significa:<\/span><\/p>\n<ul>\n<li style=\"font-weight: 400;\" aria-level=\"1\"><span style=\"font-weight: 400;\">Canais an\u00f4nimos de comunica\u00e7\u00e3o<\/span><\/li>\n<li style=\"font-weight: 400;\" aria-level=\"1\"><span style=\"font-weight: 400;\">Espa\u00e7os estruturados de feedback<\/span><\/li>\n<li style=\"font-weight: 400;\" aria-level=\"1\"><span style=\"font-weight: 400;\">Conversas 1:1 frequentes, n\u00e3o apenas em momentos de crise<\/span><\/li>\n<li style=\"font-weight: 400;\" aria-level=\"1\"><b> Registro e acompanhamento dos principais pontos levantados<\/b><\/li>\n<\/ul>\n<p><span style=\"font-weight: 400;\">\u00c9 preciso garantir que esse espa\u00e7o seja confi\u00e1vel.<\/span><\/p>\n<h3><span style=\"font-weight: 400;\">3. Treine gestores para identificar sinais<\/span><\/h3>\n<p><span style=\"font-weight: 400;\">Nem sempre o problema aparece de forma expl\u00edcita. Mudan\u00e7as de comportamento, queda de desempenho, irritabilidade ou isolamento podem ser sinais importantes.<\/span><\/p>\n<p><span style=\"font-weight: 400;\">Capacitar lideran\u00e7as para reconhecer esses ind\u00edcios \u00e9 uma das formas mais eficazes de preven\u00e7\u00e3o.<\/span><\/p>\n<h3><span style=\"font-weight: 400;\">4. Revise a carga e a organiza\u00e7\u00e3o do trabalho<\/span><\/h3>\n<p><span style=\"font-weight: 400;\">\u00c0s vezes, o problema n\u00e3o est\u00e1 na pessoa, est\u00e1 no modelo.<\/span><\/p>\n<ul>\n<li style=\"font-weight: 400;\" aria-level=\"1\"><span style=\"font-weight: 400;\">Metas irreais<\/span><\/li>\n<li style=\"font-weight: 400;\" aria-level=\"1\"><span style=\"font-weight: 400;\">Falta de previsibilidade<\/span><\/li>\n<li style=\"font-weight: 400;\" aria-level=\"1\"><span style=\"font-weight: 400;\">Excesso de demandas simult\u00e2neas<\/span><\/li>\n<\/ul>\n<p><span style=\"font-weight: 400;\">Tudo isso contribui para o esgotamento. Aqui, a pergunta-chave \u00e9: <\/span><b>o sistema est\u00e1 sustent\u00e1vel ou apenas funcionando no limite?<\/b><\/p>\n<h3><span style=\"font-weight: 400;\">5. Incentive pausas e recupera\u00e7\u00e3o<\/span><\/h3>\n<p><span style=\"font-weight: 400;\">Em ambientes operacionais, pausas s\u00e3o negligenciadas, mas elas s\u00e3o fundamentais para:<\/span><\/p>\n<ul>\n<li style=\"font-weight: 400;\" aria-level=\"1\"><span style=\"font-weight: 400;\">Reduzir fadiga<\/span><\/li>\n<li style=\"font-weight: 400;\" aria-level=\"1\"><span style=\"font-weight: 400;\">Evitar erros<\/span><\/li>\n<li style=\"font-weight: 400;\" aria-level=\"1\"><span style=\"font-weight: 400;\">Melhorar o desempenho ao longo do turno<\/span><\/li>\n<\/ul>\n<p><span style=\"font-weight: 400;\">Cuidar da sa\u00fade mental tamb\u00e9m passa por respeitar o tempo de descanso.<\/span><\/p>\n<h3><span style=\"font-weight: 400;\">6. Conecte sa\u00fade mental \u00e0 gest\u00e3o de pessoas<\/span><\/h3>\n<p><span style=\"font-weight: 400;\">A sa\u00fade mental n\u00e3o deve ser uma iniciativa isolada, ela precisa estar integrada \u00e0 estrat\u00e9gia. Isso significa conectar o tema com:<\/span><\/p>\n<ul>\n<li style=\"font-weight: 400;\" aria-level=\"1\"><span style=\"font-weight: 400;\">Avalia\u00e7\u00e3o de desempenho<\/span><\/li>\n<li style=\"font-weight: 400;\" aria-level=\"1\"><span style=\"font-weight: 400;\">Clima organizacional<\/span><\/li>\n<li style=\"font-weight: 400;\" aria-level=\"1\"><span style=\"font-weight: 400;\">Engajamento e reten\u00e7\u00e3o<\/span><\/li>\n<\/ul>\n<p><span style=\"font-weight: 400;\">Ali\u00e1s, esse ponto se relaciona diretamente com o que abordamos no conte\u00fado sobre gest\u00e3o de pessoas. Se voc\u00ea quiser aprofundar, vale a leitura:\u00a0<\/span><\/p>\n<p><span style=\"font-weight: 400;\">\ud83d\udc49 <\/span><a href=\"https:\/\/minerion.com.br\/es\/gestao-pessoas-mineracao\/\"><b>Gest\u00e3o de pessoas na minera\u00e7\u00e3o: desafios e erros comuns<\/b><\/a><\/p>\n<h2><span style=\"font-weight: 400;\">O impacto direto no neg\u00f3cio<\/span><\/h2>\n<p><span style=\"font-weight: 400;\">Empresas que estruturam bem esse tema colhem resultados claros:<\/span><\/p>\n<ul>\n<li style=\"font-weight: 400;\" aria-level=\"1\"><span style=\"font-weight: 400;\">Redu\u00e7\u00e3o de acidentes operacionais<\/span><\/li>\n<li style=\"font-weight: 400;\" aria-level=\"1\"><span style=\"font-weight: 400;\">Melhora no clima organizacional<\/span><\/li>\n<li style=\"font-weight: 400;\" aria-level=\"1\"><span style=\"font-weight: 400;\">Aumento de produtividade sustent\u00e1vel<\/span><\/li>\n<li style=\"font-weight: 400;\" aria-level=\"1\"><span style=\"font-weight: 400;\">Reten\u00e7\u00e3o de talentos<\/span><\/li>\n<\/ul>\n<p><span style=\"font-weight: 400;\">E n\u00e3o \u00e9 s\u00f3 isso! Elas constroem uma cultura mais resiliente. E, em um setor como a minera\u00e7\u00e3o, resili\u00eancia n\u00e3o \u00e9 diferencial, \u00e9 necess\u00e1rio.<\/span><\/p>\n<h2><span style=\"font-weight: 400;\">Sa\u00fade mental nas empresas: a import\u00e2ncia de a\u00e7\u00f5es cont\u00ednuas<\/span><\/h2>\n<p><span style=\"font-weight: 400;\">Um erro comum \u00e9 tratar sa\u00fade mental como campanha. Fazer uma semana tem\u00e1tica, uma palestra pontual ou uma a\u00e7\u00e3o isolada pode at\u00e9 gerar conscientiza\u00e7\u00e3o, mas n\u00e3o sustenta mudan\u00e7a.<\/span><\/p>\n<p><span style=\"font-weight: 400;\">O que sustenta \u00e9 a rotina:<\/span><\/p>\n<ul>\n<li style=\"font-weight: 400;\" aria-level=\"1\"><span style=\"font-weight: 400;\">Pr\u00e1ticas no dia a dia<\/span><\/li>\n<li style=\"font-weight: 400;\" aria-level=\"1\"><span style=\"font-weight: 400;\">Decis\u00f5es que consideram pessoas e n\u00e3o s\u00f3 n\u00fameros<\/span><\/li>\n<li style=\"font-weight: 400;\" aria-level=\"1\"><span style=\"font-weight: 400;\">Uma cultura que equilibra resultado e bem-estar<\/span><\/li>\n<\/ul>\n<p><span style=\"font-weight: 400;\">No fim, a pergunta mais importante n\u00e3o \u00e9 \u201co que estamos fazendo sobre sa\u00fade mental?\u201d, mas sim: <\/span><b>\u201cQue tipo de ambiente estamos construindo todos os dias?\u201d<\/b><\/p>\n<p><span style=\"font-weight: 400;\">Porque \u00e9 esse ambiente que define se as pessoas apenas trabalham, ou se conseguem, de fato, se manter bem enquanto trabalham. E quando isso acontece, o impacto vai muito al\u00e9m da opera\u00e7\u00e3o, ele aparece nos resultados, nas rela\u00e7\u00f5es e na forma como a empresa se posiciona no mercado.<\/span><\/p>\n<p><span style=\"font-weight: 400;\">Cuidar da sa\u00fade mental nas empresas n\u00e3o \u00e9 desacelerar a minera\u00e7\u00e3o, \u00e9 garantir que ela continue evoluindo de forma mais humana, sustent\u00e1vel e inteligente.<\/span><\/p>","protected":false},"excerpt":{"rendered":"<p>Falar de produtividade, seguran\u00e7a e efici\u00eancia na minera\u00e7\u00e3o sem falar de pessoas j\u00e1 n\u00e3o faz mais sentido. E, quando o assunto s\u00e3o pessoas, a conversa inevitavelmente passa por um ponto central: sa\u00fade mental nas empresas. Nos \u00faltimos anos, esse tema deixou de ser perif\u00e9rico para se tornar estrat\u00e9gico. N\u00e3o s\u00f3 porque impacta diretamente os resultados, [&hellip;]<\/p>","protected":false},"author":10,"featured_media":74355,"comment_status":"open","ping_status":"open","sticky":false,"template":"","format":"standard","meta":{"pagelayer_contact_templates":[],"_pagelayer_content":"","footnotes":""},"categories":[59],"tags":[],"class_list":["post-74353","post","type-post","status-publish","format-standard","has-post-thumbnail","hentry","category-gestao-processos"],"yoast_head":"<!-- This site is optimized with the Yoast SEO plugin v25.5 - https:\/\/yoast.com\/wordpress\/plugins\/seo\/ -->\n<title>Sa\u00fade mental nas empresas: 7 a\u00e7\u00f5es pr\u00e1ticas na minera\u00e7\u00e3o - Minerion - Agora, Delphi \u00e9 Minerion<\/title>\n<meta name=\"description\" content=\"Na minera\u00e7\u00e3o, ambiente marcado por press\u00e3o, cuidar da sa\u00fade mental dos colaboradores \u00e9 uma necessidade operacional.\" \/>\n<meta name=\"robots\" content=\"index, follow, max-snippet:-1, max-image-preview:large, max-video-preview:-1\" \/>\n<link rel=\"canonical\" href=\"https:\/\/minerion.com.br\/es\/acoes-saude-mental-mineradoras\/\" \/>\n<meta property=\"og:locale\" content=\"es_ES\" \/>\n<meta property=\"og:type\" content=\"article\" \/>\n<meta property=\"og:title\" content=\"Sa\u00fade mental nas empresas: 7 a\u00e7\u00f5es pr\u00e1ticas na minera\u00e7\u00e3o - Minerion - Agora, Delphi \u00e9 Minerion\" \/>\n<meta property=\"og:description\" content=\"Na minera\u00e7\u00e3o, ambiente marcado por press\u00e3o, cuidar da sa\u00fade mental dos colaboradores \u00e9 uma necessidade operacional.\" \/>\n<meta property=\"og:url\" content=\"https:\/\/minerion.com.br\/es\/acoes-saude-mental-mineradoras\/\" \/>\n<meta property=\"og:site_name\" content=\"Minerion - Agora, Delphi \u00e9 Minerion\" \/>\n<meta property=\"article:published_time\" content=\"2026-04-28T11:49:26+00:00\" \/>\n<meta property=\"article:modified_time\" content=\"2026-04-28T11:51:08+00:00\" \/>\n<meta property=\"og:image\" content=\"https:\/\/minerion.com.br\/wp-content\/uploads\/2026\/04\/blog-minerion-saude-mental-mineradoras-brasil.jpg\" \/>\n\t<meta property=\"og:image:width\" content=\"800\" \/>\n\t<meta property=\"og:image:height\" content=\"533\" \/>\n\t<meta property=\"og:image:type\" content=\"image\/jpeg\" \/>\n<meta name=\"author\" content=\"Minerion\" \/>\n<meta name=\"twitter:card\" content=\"summary_large_image\" \/>\n<meta name=\"twitter:label1\" content=\"Escrito por\" \/>\n\t<meta name=\"twitter:data1\" content=\"Minerion\" \/>\n\t<meta name=\"twitter:label2\" content=\"Tiempo de lectura\" \/>\n\t<meta name=\"twitter:data2\" content=\"5 minutos\" \/>\n<script type=\"application\/ld+json\" class=\"yoast-schema-graph\">{\"@context\":\"https:\/\/schema.org\",\"@graph\":[{\"@type\":\"Article\",\"@id\":\"https:\/\/minerion.com.br\/acoes-saude-mental-mineradoras\/#article\",\"isPartOf\":{\"@id\":\"https:\/\/minerion.com.br\/acoes-saude-mental-mineradoras\/\"},\"author\":{\"name\":\"Minerion\",\"@id\":\"https:\/\/minerion.com.br\/#\/schema\/person\/d1ec64c42bdb6dd7fdd1832d6b43d8d3\"},\"headline\":\"Sa\u00fade mental nas empresas: 7 a\u00e7\u00f5es pr\u00e1ticas na minera\u00e7\u00e3o\",\"datePublished\":\"2026-04-28T11:49:26+00:00\",\"dateModified\":\"2026-04-28T11:51:08+00:00\",\"mainEntityOfPage\":{\"@id\":\"https:\/\/minerion.com.br\/acoes-saude-mental-mineradoras\/\"},\"wordCount\":947,\"commentCount\":0,\"publisher\":{\"@id\":\"https:\/\/minerion.com.br\/#organization\"},\"image\":{\"@id\":\"https:\/\/minerion.com.br\/acoes-saude-mental-mineradoras\/#primaryimage\"},\"thumbnailUrl\":\"https:\/\/minerion.com.br\/wp-content\/uploads\/2026\/04\/blog-minerion-saude-mental-mineradoras-brasil.jpg\",\"articleSection\":[\"Gest\u00e3o de Processos\"],\"inLanguage\":\"es\",\"potentialAction\":[{\"@type\":\"CommentAction\",\"name\":\"Comment\",\"target\":[\"https:\/\/minerion.com.br\/acoes-saude-mental-mineradoras\/#respond\"]}]},{\"@type\":\"WebPage\",\"@id\":\"https:\/\/minerion.com.br\/acoes-saude-mental-mineradoras\/\",\"url\":\"https:\/\/minerion.com.br\/acoes-saude-mental-mineradoras\/\",\"name\":\"Sa\u00fade mental nas empresas: 7 a\u00e7\u00f5es pr\u00e1ticas na minera\u00e7\u00e3o - Minerion - Agora, Delphi \u00e9 Minerion\",\"isPartOf\":{\"@id\":\"https:\/\/minerion.com.br\/#website\"},\"primaryImageOfPage\":{\"@id\":\"https:\/\/minerion.com.br\/acoes-saude-mental-mineradoras\/#primaryimage\"},\"image\":{\"@id\":\"https:\/\/minerion.com.br\/acoes-saude-mental-mineradoras\/#primaryimage\"},\"thumbnailUrl\":\"https:\/\/minerion.com.br\/wp-content\/uploads\/2026\/04\/blog-minerion-saude-mental-mineradoras-brasil.jpg\",\"datePublished\":\"2026-04-28T11:49:26+00:00\",\"dateModified\":\"2026-04-28T11:51:08+00:00\",\"description\":\"Na minera\u00e7\u00e3o, ambiente marcado por press\u00e3o, cuidar da sa\u00fade mental dos colaboradores \u00e9 uma necessidade operacional.\",\"breadcrumb\":{\"@id\":\"https:\/\/minerion.com.br\/acoes-saude-mental-mineradoras\/#breadcrumb\"},\"inLanguage\":\"es\",\"potentialAction\":[{\"@type\":\"ReadAction\",\"target\":[\"https:\/\/minerion.com.br\/acoes-saude-mental-mineradoras\/\"]}]},{\"@type\":\"ImageObject\",\"inLanguage\":\"es\",\"@id\":\"https:\/\/minerion.com.br\/acoes-saude-mental-mineradoras\/#primaryimage\",\"url\":\"https:\/\/minerion.com.br\/wp-content\/uploads\/2026\/04\/blog-minerion-saude-mental-mineradoras-brasil.jpg\",\"contentUrl\":\"https:\/\/minerion.com.br\/wp-content\/uploads\/2026\/04\/blog-minerion-saude-mental-mineradoras-brasil.jpg\",\"width\":800,\"height\":533,\"caption\":\"Sa\u00fade mental nas empresas: 7 a\u00e7\u00f5es pr\u00e1ticas na minera\u00e7\u00e3o\"},{\"@type\":\"BreadcrumbList\",\"@id\":\"https:\/\/minerion.com.br\/acoes-saude-mental-mineradoras\/#breadcrumb\",\"itemListElement\":[{\"@type\":\"ListItem\",\"position\":1,\"name\":\"In\u00edcio\",\"item\":\"https:\/\/minerion.com.br\/\"},{\"@type\":\"ListItem\",\"position\":2,\"name\":\"Sa\u00fade mental nas empresas: 7 a\u00e7\u00f5es pr\u00e1ticas na minera\u00e7\u00e3o\"}]},{\"@type\":\"WebSite\",\"@id\":\"https:\/\/minerion.com.br\/#website\",\"url\":\"https:\/\/minerion.com.br\/\",\"name\":\"Minerion - Agora, Delphi \u00e9 Minerion\",\"description\":\"Minerion | Software para minera\u00e7\u00e3o\",\"publisher\":{\"@id\":\"https:\/\/minerion.com.br\/#organization\"},\"potentialAction\":[{\"@type\":\"SearchAction\",\"target\":{\"@type\":\"EntryPoint\",\"urlTemplate\":\"https:\/\/minerion.com.br\/?s={search_term_string}\"},\"query-input\":{\"@type\":\"PropertyValueSpecification\",\"valueRequired\":true,\"valueName\":\"search_term_string\"}}],\"inLanguage\":\"es\"},{\"@type\":\"Organization\",\"@id\":\"https:\/\/minerion.com.br\/#organization\",\"name\":\"Minerion - Agora, Delphi \u00e9 Minerion\",\"url\":\"https:\/\/minerion.com.br\/\",\"logo\":{\"@type\":\"ImageObject\",\"inLanguage\":\"es\",\"@id\":\"https:\/\/minerion.com.br\/#\/schema\/logo\/image\/\",\"url\":\"https:\/\/minerion.com.br\/wp-content\/uploads\/2022\/12\/logo-minerion.png\",\"contentUrl\":\"https:\/\/minerion.com.br\/wp-content\/uploads\/2022\/12\/logo-minerion.png\",\"width\":295,\"height\":100,\"caption\":\"Minerion - Agora, Delphi \u00e9 Minerion\"},\"image\":{\"@id\":\"https:\/\/minerion.com.br\/#\/schema\/logo\/image\/\"}},{\"@type\":\"Person\",\"@id\":\"https:\/\/minerion.com.br\/#\/schema\/person\/d1ec64c42bdb6dd7fdd1832d6b43d8d3\",\"name\":\"Minerion\",\"url\":\"https:\/\/minerion.com.br\/es\/author\/manuela-wegd\/\"}]}<\/script>\n<!-- \/ Yoast SEO plugin. -->","yoast_head_json":{"title":"Sa\u00fade mental nas empresas: 7 a\u00e7\u00f5es pr\u00e1ticas na minera\u00e7\u00e3o - Minerion - Agora, Delphi \u00e9 Minerion","description":"Na minera\u00e7\u00e3o, ambiente marcado por press\u00e3o, cuidar da sa\u00fade mental dos colaboradores \u00e9 uma necessidade operacional.","robots":{"index":"index","follow":"follow","max-snippet":"max-snippet:-1","max-image-preview":"max-image-preview:large","max-video-preview":"max-video-preview:-1"},"canonical":"https:\/\/minerion.com.br\/es\/acoes-saude-mental-mineradoras\/","og_locale":"es_ES","og_type":"article","og_title":"Sa\u00fade mental nas empresas: 7 a\u00e7\u00f5es pr\u00e1ticas na minera\u00e7\u00e3o - Minerion - Agora, Delphi \u00e9 Minerion","og_description":"Na minera\u00e7\u00e3o, ambiente marcado por press\u00e3o, cuidar da sa\u00fade mental dos colaboradores \u00e9 uma necessidade operacional.","og_url":"https:\/\/minerion.com.br\/es\/acoes-saude-mental-mineradoras\/","og_site_name":"Minerion - Agora, Delphi \u00e9 Minerion","article_published_time":"2026-04-28T11:49:26+00:00","article_modified_time":"2026-04-28T11:51:08+00:00","og_image":[{"width":800,"height":533,"url":"https:\/\/minerion.com.br\/wp-content\/uploads\/2026\/04\/blog-minerion-saude-mental-mineradoras-brasil.jpg","type":"image\/jpeg"}],"author":"Minerion","twitter_card":"summary_large_image","twitter_misc":{"Escrito por":"Minerion","Tiempo de lectura":"5 minutos"},"schema":{"@context":"https:\/\/schema.org","@graph":[{"@type":"Article","@id":"https:\/\/minerion.com.br\/acoes-saude-mental-mineradoras\/#article","isPartOf":{"@id":"https:\/\/minerion.com.br\/acoes-saude-mental-mineradoras\/"},"author":{"name":"Minerion","@id":"https:\/\/minerion.com.br\/#\/schema\/person\/d1ec64c42bdb6dd7fdd1832d6b43d8d3"},"headline":"Sa\u00fade mental nas empresas: 7 a\u00e7\u00f5es pr\u00e1ticas na minera\u00e7\u00e3o","datePublished":"2026-04-28T11:49:26+00:00","dateModified":"2026-04-28T11:51:08+00:00","mainEntityOfPage":{"@id":"https:\/\/minerion.com.br\/acoes-saude-mental-mineradoras\/"},"wordCount":947,"commentCount":0,"publisher":{"@id":"https:\/\/minerion.com.br\/#organization"},"image":{"@id":"https:\/\/minerion.com.br\/acoes-saude-mental-mineradoras\/#primaryimage"},"thumbnailUrl":"https:\/\/minerion.com.br\/wp-content\/uploads\/2026\/04\/blog-minerion-saude-mental-mineradoras-brasil.jpg","articleSection":["Gest\u00e3o de Processos"],"inLanguage":"es","potentialAction":[{"@type":"CommentAction","name":"Comment","target":["https:\/\/minerion.com.br\/acoes-saude-mental-mineradoras\/#respond"]}]},{"@type":"WebPage","@id":"https:\/\/minerion.com.br\/acoes-saude-mental-mineradoras\/","url":"https:\/\/minerion.com.br\/acoes-saude-mental-mineradoras\/","name":"Sa\u00fade mental nas empresas: 7 a\u00e7\u00f5es pr\u00e1ticas na minera\u00e7\u00e3o - Minerion - Agora, Delphi \u00e9 Minerion","isPartOf":{"@id":"https:\/\/minerion.com.br\/#website"},"primaryImageOfPage":{"@id":"https:\/\/minerion.com.br\/acoes-saude-mental-mineradoras\/#primaryimage"},"image":{"@id":"https:\/\/minerion.com.br\/acoes-saude-mental-mineradoras\/#primaryimage"},"thumbnailUrl":"https:\/\/minerion.com.br\/wp-content\/uploads\/2026\/04\/blog-minerion-saude-mental-mineradoras-brasil.jpg","datePublished":"2026-04-28T11:49:26+00:00","dateModified":"2026-04-28T11:51:08+00:00","description":"Na minera\u00e7\u00e3o, ambiente marcado por press\u00e3o, cuidar da sa\u00fade mental dos colaboradores \u00e9 uma necessidade operacional.","breadcrumb":{"@id":"https:\/\/minerion.com.br\/acoes-saude-mental-mineradoras\/#breadcrumb"},"inLanguage":"es","potentialAction":[{"@type":"ReadAction","target":["https:\/\/minerion.com.br\/acoes-saude-mental-mineradoras\/"]}]},{"@type":"ImageObject","inLanguage":"es","@id":"https:\/\/minerion.com.br\/acoes-saude-mental-mineradoras\/#primaryimage","url":"https:\/\/minerion.com.br\/wp-content\/uploads\/2026\/04\/blog-minerion-saude-mental-mineradoras-brasil.jpg","contentUrl":"https:\/\/minerion.com.br\/wp-content\/uploads\/2026\/04\/blog-minerion-saude-mental-mineradoras-brasil.jpg","width":800,"height":533,"caption":"Sa\u00fade mental nas empresas: 7 a\u00e7\u00f5es pr\u00e1ticas na minera\u00e7\u00e3o"},{"@type":"BreadcrumbList","@id":"https:\/\/minerion.com.br\/acoes-saude-mental-mineradoras\/#breadcrumb","itemListElement":[{"@type":"ListItem","position":1,"name":"In\u00edcio","item":"https:\/\/minerion.com.br\/"},{"@type":"ListItem","position":2,"name":"Sa\u00fade mental nas empresas: 7 a\u00e7\u00f5es pr\u00e1ticas na minera\u00e7\u00e3o"}]},{"@type":"WebSite","@id":"https:\/\/minerion.com.br\/#website","url":"https:\/\/minerion.com.br\/","name":"Minerion - Agora, Delphi \u00e9 Minerion","description":"Minerion | Software para minera\u00e7\u00e3o","publisher":{"@id":"https:\/\/minerion.com.br\/#organization"},"potentialAction":[{"@type":"SearchAction","target":{"@type":"EntryPoint","urlTemplate":"https:\/\/minerion.com.br\/?s={search_term_string}"},"query-input":{"@type":"PropertyValueSpecification","valueRequired":true,"valueName":"search_term_string"}}],"inLanguage":"es"},{"@type":"Organization","@id":"https:\/\/minerion.com.br\/#organization","name":"Minerion - Agora, Delphi \u00e9 Minerion","url":"https:\/\/minerion.com.br\/","logo":{"@type":"ImageObject","inLanguage":"es","@id":"https:\/\/minerion.com.br\/#\/schema\/logo\/image\/","url":"https:\/\/minerion.com.br\/wp-content\/uploads\/2022\/12\/logo-minerion.png","contentUrl":"https:\/\/minerion.com.br\/wp-content\/uploads\/2022\/12\/logo-minerion.png","width":295,"height":100,"caption":"Minerion - Agora, Delphi \u00e9 Minerion"},"image":{"@id":"https:\/\/minerion.com.br\/#\/schema\/logo\/image\/"}},{"@type":"Person","@id":"https:\/\/minerion.com.br\/#\/schema\/person\/d1ec64c42bdb6dd7fdd1832d6b43d8d3","name":"Minerion","url":"https:\/\/minerion.com.br\/es\/author\/manuela-wegd\/"}]}},"_links":{"self":[{"href":"https:\/\/minerion.com.br\/es\/wp-json\/wp\/v2\/posts\/74353","targetHints":{"allow":["GET"]}}],"collection":[{"href":"https:\/\/minerion.com.br\/es\/wp-json\/wp\/v2\/posts"}],"about":[{"href":"https:\/\/minerion.com.br\/es\/wp-json\/wp\/v2\/types\/post"}],"author":[{"embeddable":true,"href":"https:\/\/minerion.com.br\/es\/wp-json\/wp\/v2\/users\/10"}],"replies":[{"embeddable":true,"href":"https:\/\/minerion.com.br\/es\/wp-json\/wp\/v2\/comments?post=74353"}],"version-history":[{"count":4,"href":"https:\/\/minerion.com.br\/es\/wp-json\/wp\/v2\/posts\/74353\/revisions"}],"predecessor-version":[{"id":74358,"href":"https:\/\/minerion.com.br\/es\/wp-json\/wp\/v2\/posts\/74353\/revisions\/74358"}],"wp:featuredmedia":[{"embeddable":true,"href":"https:\/\/minerion.com.br\/es\/wp-json\/wp\/v2\/media\/74355"}],"wp:attachment":[{"href":"https:\/\/minerion.com.br\/es\/wp-json\/wp\/v2\/media?parent=74353"}],"wp:term":[{"taxonomy":"category","embeddable":true,"href":"https:\/\/minerion.com.br\/es\/wp-json\/wp\/v2\/categories?post=74353"},{"taxonomy":"post_tag","embeddable":true,"href":"https:\/\/minerion.com.br\/es\/wp-json\/wp\/v2\/tags?post=74353"}],"curies":[{"name":"wp","href":"https:\/\/api.w.org\/{rel}","templated":true}]}}